{"id":2033,"date":"2026-09-05T09:09:40","date_gmt":"2026-09-05T14:09:40","guid":{"rendered":"https:\/\/ancperu.org\/ancperu\/?p=2033"},"modified":"2026-09-05T09:21:31","modified_gmt":"2026-09-05T14:21:31","slug":"primer-taller-regional-para-la-implementacion-de-la-red-mms-america","status":"publish","type":"post","link":"https:\/\/ancperu.org\/ancperu\/primer-taller-regional-para-la-implementacion-de-la-red-mms-america\/","title":{"rendered":"Primer taller Regional para la implementaci\u00f3n de la Red MMS America"},"content":{"rendered":"<div class=\"fusion-fullwidth fullwidth-box fusion-builder-row-1 fusion-flex-container has-pattern-background has-mask-background nonhundred-percent-fullwidth non-hundred-percent-height-scrolling\" style=\"background-color: rgba(255,255,255,0);background-position: center center;background-repeat: no-repeat;border-width: 0px 0px 0px 0px;border-color:hsla(var(--awb-color5-h),var(--awb-color5-s),var(--awb-color5-l),calc( var(--awb-color5-a) - 97% ));border-style:solid;\" ><div class=\"fusion-builder-row fusion-row fusion-flex-align-items-flex-start\" style=\"max-width:1248px;margin-left: calc(-4% \/ 2 );margin-right: calc(-4% \/ 2 );\"><div class=\"fusion-layout-column fusion_builder_column fusion-builder-column-0 fusion_builder_column_1_1 1_1 fusion-flex-column\"><div class=\"fusion-column-wrapper fusion-flex-justify-content-flex-start fusion-content-layout-column\" style=\"background-position:left top;background-repeat:no-repeat;-webkit-background-size:cover;-moz-background-size:cover;-o-background-size:cover;background-size:cover;padding: 0px 0px 0px 0px;\"><div class=\"fusion-text fusion-text-1\" style=\"font-size:26px;line-height:1.1;font-family:&quot;Poppins&quot;;font-weight:400;\"><p>Primer taller Regional para la implementaci\u00f3n de la Red MMS America<\/p>\n<\/div><style type=\"text\/css\">@media only screen and (max-width:1024px) {.fusion-title.fusion-title-1{margin-top:10px!important; margin-right:0px!important;margin-bottom:15px!important;margin-left:0px!important;}}@media only screen and (max-width:640px) {.fusion-title.fusion-title-1{margin-top:10px!important; margin-right:0px!important;margin-bottom:10px!important; margin-left:0px!important;}}<\/style><div class=\"fusion-title title fusion-title-1 fusion-sep-none fusion-title-center fusion-title-text fusion-title-size-two\" style=\"font-size:39PX;margin-top:10px;margin-right:0px;margin-bottom:15px;margin-left:0px;\"><h2 class=\"title-heading-center fusion-responsive-typography-calculated\" style=\"margin:0;font-size:1em;color:var(--awb-color4);--fontSize:16;--minFontSize:39PX;line-height:var(--awb-typography1-line-height);\">Ciencia, colaboraci\u00f3n y vigilancia para enfrentar la malaria<\/h2><\/div><div class=\"fusion-text fusion-text-2\" style=\"font-size:17px;\"><div class=\"x14z9mp xat24cr x1lziwak x1vvkbs xtlvy1s x126k92a\">\n<div dir=\"auto\">El 25 de agosto, la hist\u00f3rica Casa de Osambela fue escenario de una cena de networking realizada en el marco del Primer Taller Regional para la Implementaci\u00f3n de la Red Malaria Molecular Surveillance (MMS) Am\u00e9ricas.<\/div>\n<\/div>\n<div class=\"x14z9mp xat24cr x1lziwak x1vvkbs xtlvy1s x126k92a\">\n<div dir=\"auto\"><span class=\"html-span xexx8yu xyri2b x18d9i69 x1c1uobl x1hl2dhg x16tdsg8 x1vvkbs x3nfvp2 x1j61x8r x1fcty0u xdj266r xat24cr xm2jcoa x1mpyi22 xxymvpz xlup9mm x1kky2od\"><img decoding=\"async\" class=\"lazyload xz74otr x15mokao x1ga7v0g x16uus16 xbiv7yw\" src=\"data:image\/svg+xml,%3Csvg%20xmlns%3D%27http%3A%2F%2Fwww.w3.org%2F2000%2Fsvg%27%20width%3D%2716%27%20height%3D%2716%27%20viewBox%3D%270%200%2016%2016%27%3E%3Crect%20width%3D%2716%27%20height%3D%2716%27%20fill-opacity%3D%220%22%2F%3E%3C%2Fsvg%3E\" data-orig-src=\"https:\/\/static.xx.fbcdn.net\/images\/emoji.php\/v9\/t2f\/1\/16\/1f9ec.png\" alt=\"\ud83e\uddec\" width=\"16\" height=\"16\" \/><\/span> La Red MMS Am\u00e9ricas articula programas nacionales de malaria, laboratorios de referencia, investigadores y otras instituciones de la regi\u00f3n, con el prop\u00f3sito de fortalecer la vigilancia molecular de la malaria y promover la cooperaci\u00f3n cient\u00edfica entre los pa\u00edses de Am\u00e9rica.<\/div>\n<\/div>\n<div class=\"x14z9mp xat24cr x1lziwak x1vvkbs xtlvy1s x126k92a\">\n<div dir=\"auto\"><span class=\"html-span xexx8yu xyri2b x18d9i69 x1c1uobl x1hl2dhg x16tdsg8 x1vvkbs x3nfvp2 x1j61x8r x1fcty0u xdj266r xat24cr xm2jcoa x1mpyi22 xxymvpz xlup9mm x1kky2od\"><img decoding=\"async\" class=\"lazyload xz74otr x15mokao x1ga7v0g x16uus16 xbiv7yw\" src=\"data:image\/svg+xml,%3Csvg%20xmlns%3D%27http%3A%2F%2Fwww.w3.org%2F2000%2Fsvg%27%20width%3D%2716%27%20height%3D%2716%27%20viewBox%3D%270%200%2016%2016%27%3E%3Crect%20width%3D%2716%27%20height%3D%2716%27%20fill-opacity%3D%220%22%2F%3E%3C%2Fsvg%3E\" data-orig-src=\"https:\/\/static.xx.fbcdn.net\/images\/emoji.php\/v9\/t64\/1\/16\/1f91d.png\" alt=\"\ud83e\udd1d\" width=\"16\" height=\"16\" \/><\/span> Como parte del taller, la cena ofreci\u00f3 un espacio para continuar el intercambio iniciado durante las sesiones de trabajo, compartir experiencias y fortalecer v\u00ednculos entre los participantes.<\/div>\n<\/div>\n<div class=\"x14z9mp xat24cr x1lziwak x1vvkbs xtlvy1s x126k92a\">\n<div dir=\"auto\"><span class=\"html-span xexx8yu xyri2b x18d9i69 x1c1uobl x1hl2dhg x16tdsg8 x1vvkbs x3nfvp2 x1j61x8r x1fcty0u xdj266r xat24cr xm2jcoa x1mpyi22 xxymvpz xlup9mm x1kky2od\"><img decoding=\"async\" class=\"lazyload xz74otr x15mokao x1ga7v0g x16uus16 xbiv7yw\" src=\"data:image\/svg+xml,%3Csvg%20xmlns%3D%27http%3A%2F%2Fwww.w3.org%2F2000%2Fsvg%27%20width%3D%2716%27%20height%3D%2716%27%20viewBox%3D%270%200%2016%2016%27%3E%3Crect%20width%3D%2716%27%20height%3D%2716%27%20fill-opacity%3D%220%22%2F%3E%3C%2Fsvg%3E\" data-orig-src=\"https:\/\/static.xx.fbcdn.net\/images\/emoji.php\/v9\/t89\/1\/16\/1f3db.png\" alt=\"\ud83c\udfdb\ufe0f\" width=\"16\" height=\"16\" \/><\/span> En un escenario emblem\u00e1tico de la historia de Lima, este encuentro reafirm\u00f3 que el avance de la ciencia no solo requiere evidencia, investigaci\u00f3n y trabajo t\u00e9cnico, sino tambi\u00e9n di\u00e1logo, cooperaci\u00f3n y construcci\u00f3n de alianzas para enfrentar desaf\u00edos comunes.<\/div>\n<\/div>\n<\/div><div class=\"fusion-image-carousel fusion-image-carousel-fixed fusion-image-carousel-1 fusion-carousel-border\"><div class=\"fusion-carousel\" data-autoplay=\"no\" data-columns=\"5\" data-itemmargin=\"13\" data-itemwidth=\"180\" data-touchscroll=\"no\" data-imagesize=\"fixed\"><div class=\"fusion-carousel-positioner\"><ul class=\"fusion-carousel-holder\"><li class=\"fusion-carousel-item\"><div class=\"fusion-carousel-item-wrapper\"><div class=\"fusion-image-wrapper hover-type-none\"><img decoding=\"async\" width=\"320\" height=\"202\" src=\"data:image\/svg+xml,%3Csvg%20xmlns%3D%27http%3A%2F%2Fwww.w3.org%2F2000%2Fsvg%27%20width%3D%27700%27%20height%3D%27600%27%20viewBox%3D%270%200%20700%20600%27%3E%3Crect%20width%3D%27700%27%20height%3D%27600%27%20fill-opacity%3D%220%22%2F%3E%3C%2Fsvg%3E\" class=\"attachment-blog-medium size-blog-medium lazyload\" alt=\"\" data-orig-src=\"https:\/\/ancperu.org\/ancperu\/wp-content\/uploads\/2026\/09\/FOTO11-320x202.png\" \/><\/div><\/div><\/li><li class=\"fusion-carousel-item\"><div class=\"fusion-carousel-item-wrapper\"><div class=\"fusion-image-wrapper hover-type-none\"><img decoding=\"async\" width=\"320\" height=\"202\" src=\"data:image\/svg+xml,%3Csvg%20xmlns%3D%27http%3A%2F%2Fwww.w3.org%2F2000%2Fsvg%27%20width%3D%27500%27%20height%3D%27600%27%20viewBox%3D%270%200%20500%20600%27%3E%3Crect%20width%3D%27500%27%20height%3D%27600%27%20fill-opacity%3D%220%22%2F%3E%3C%2Fsvg%3E\" class=\"attachment-blog-medium size-blog-medium lazyload\" alt=\"\" data-orig-src=\"https:\/\/ancperu.org\/ancperu\/wp-content\/uploads\/2026\/09\/FOTO212-320x202.png\" \/><\/div><\/div><\/li><li class=\"fusion-carousel-item\"><div class=\"fusion-carousel-item-wrapper\"><div class=\"fusion-image-wrapper hover-type-none\"><img decoding=\"async\" width=\"320\" height=\"202\" src=\"data:image\/svg+xml,%3Csvg%20xmlns%3D%27http%3A%2F%2Fwww.w3.org%2F2000%2Fsvg%27%20width%3D%27600%27%20height%3D%27500%27%20viewBox%3D%270%200%20600%20500%27%3E%3Crect%20width%3D%27600%27%20height%3D%27500%27%20fill-opacity%3D%220%22%2F%3E%3C%2Fsvg%3E\" class=\"attachment-blog-medium size-blog-medium lazyload\" alt=\"\" data-orig-src=\"https:\/\/ancperu.org\/ancperu\/wp-content\/uploads\/2026\/09\/FOTO215-320x202.png\" \/><\/div><\/div><\/li><\/ul><div class=\"fusion-carousel-nav\"><button class=\"fusion-nav-prev awb-icon-left\" aria-label=\"Previous\"><\/button><button class=\"fusion-nav-next awb-icon-right\" aria-label=\"Next\"><\/button><\/div><\/div><\/div><\/div><div class=\"fusion-sharing-box fusion-sharing-box-1\" style=\"background-color:hsla(var(--awb-color5-h),var(--awb-color5-s),var(--awb-color5-l),calc( var(--awb-color5-a) - 97% ));margin-top:60px;\" data-title=\"Primer taller Regional para la implementaci\u00f3n de la Red MMS America\" data-description=\"Primer taller Regional para la implementaci\u00f3n de la Red MMS America \r\n\r\nCiencia, colaboraci\u00f3n y vigilancia para enfrentar la malaria \r\n\r\nEl 25 de agosto, la hist\u00f3rica Casa de Osambela fue escenario de una cena de networking realizada en el marco del Primer Taller Regional para la Implementaci\u00f3n de la\" data-link=\"https:\/\/ancperu.org\/ancperu\/primer-taller-regional-para-la-implementacion-de-la-red-mms-america\/\"><h4 class=\"tagline\" style=\"color:var(--awb-color7);\">Comparte esta publicaci\u00f3n<\/h4><div class=\"fusion-social-networks sharingbox-shortcode-icon-wrapper sharingbox-shortcode-icon-wrapper-1\"><span><a href=\"https:\/\/www.facebook.com\/sharer.php?u=https%3A%2F%2Fancperu.org%2Fancperu%2Fprimer-taller-regional-para-la-implementacion-de-la-red-mms-america%2F&amp;t=Primer%20taller%20Regional%20para%20la%20implementaci%C3%B3n%20de%20la%20Red%20MMS%20America\" target=\"_blank\" rel=\"noreferrer\" title=\"Facebook\" aria-label=\"Facebook\" data-placement=\"top\" data-toggle=\"tooltip\" data-title=\"Facebook\"><i class=\"fusion-social-network-icon fusion-tooltip fusion-facebook awb-icon-facebook\" style=\"color:var(--awb-color3);\" aria-hidden=\"true\"><\/i><\/a><\/span><span><a href=\"https:\/\/twitter.com\/share?text=Primer%20taller%20Regional%20para%20la%20implementaci%C3%B3n%20de%20la%20Red%20MMS%20America&amp;url=https%3A%2F%2Fancperu.org%2Fancperu%2Fprimer-taller-regional-para-la-implementacion-de-la-red-mms-america%2F\" target=\"_blank\" rel=\"noopener noreferrer\" title=\"Twitter\" aria-label=\"Twitter\" data-placement=\"top\" data-toggle=\"tooltip\" data-title=\"Twitter\"><i class=\"fusion-social-network-icon fusion-tooltip fusion-twitter awb-icon-twitter\" style=\"color:var(--awb-color3);\" aria-hidden=\"true\"><\/i><\/a><\/span><span><a href=\"https:\/\/www.linkedin.com\/shareArticle?mini=true&amp;url=https%3A%2F%2Fancperu.org%2Fancperu%2Fprimer-taller-regional-para-la-implementacion-de-la-red-mms-america%2F&amp;title=Primer%20taller%20Regional%20para%20la%20implementaci%C3%B3n%20de%20la%20Red%20MMS%20America&amp;summary=Primer%20taller%20Regional%20para%20la%20implementaci%C3%B3n%20de%20la%20Red%20MMS%20America%20%0D%0A%0D%0ACiencia%2C%20colaboraci%C3%B3n%20y%20vigilancia%20para%20enfrentar%20la%20malaria%20%0D%0A%0D%0AEl%2025%20de%20agosto%2C%20la%20hist%C3%B3rica%20Casa%20de%20Osambela%20fue%20escenario%20de%20una%20cena%20de%20networking%20realizada%20en%20el%20marco%20del%20Primer%20Taller%20Regional%20para%20la%20Implementaci%C3%B3n%20de%20la\" target=\"_blank\" rel=\"noopener noreferrer\" title=\"LinkedIn\" aria-label=\"LinkedIn\" data-placement=\"top\" data-toggle=\"tooltip\" data-title=\"LinkedIn\"><i class=\"fusion-social-network-icon fusion-tooltip fusion-linkedin awb-icon-linkedin\" style=\"color:var(--awb-color3);\" aria-hidden=\"true\"><\/i><\/a><\/span><span><a href=\"https:\/\/api.whatsapp.com\/send?text=https%3A%2F%2Fancperu.org%2Fancperu%2Fprimer-taller-regional-para-la-implementacion-de-la-red-mms-america%2F\" target=\"_blank\" rel=\"noopener noreferrer\" title=\"WhatsApp\" aria-label=\"WhatsApp\" data-placement=\"top\" data-toggle=\"tooltip\" data-title=\"WhatsApp\"><i class=\"fusion-social-network-icon fusion-tooltip fusion-whatsapp awb-icon-whatsapp\" style=\"color:var(--awb-color3);\" aria-hidden=\"true\"><\/i><\/a><\/span><span><a href=\"https:\/\/t.me\/share\/url?url=https%3A%2F%2Fancperu.org%2Fancperu%2Fprimer-taller-regional-para-la-implementacion-de-la-red-mms-america%2F&amp;text=Primer%20taller%20Regional%20para%20la%20implementaci%C3%B3n%20de%20la%20Red%20MMS%20America\" target=\"_blank\" rel=\"noopener noreferrer\" title=\"Telegram\" aria-label=\"Telegram\" data-placement=\"top\" data-toggle=\"tooltip\" data-title=\"Telegram\"><i class=\"fusion-social-network-icon fusion-tooltip fusion-telegram awb-icon-telegram\" style=\"color:var(--awb-color3);\" aria-hidden=\"true\"><\/i><\/a><\/span><span><a href=\"mailto:?subject=Primer%20taller%20Regional%20para%20la%20implementaci%C3%B3n%20de%20la%20Red%20MMS%20America&amp;body=https%3A%2F%2Fancperu.org%2Fancperu%2Fprimer-taller-regional-para-la-implementacion-de-la-red-mms-america%2F\" target=\"_self\" title=\"Email\" aria-label=\"Email\" data-placement=\"top\" data-toggle=\"tooltip\" data-title=\"Email\"><i class=\"fusion-social-network-icon fusion-tooltip fusion-mail awb-icon-mail\" style=\"color:var(--awb-color3);\" aria-hidden=\"true\"><\/i><\/a><\/span><\/div><\/div><style type=\"text\/css\">.fusion-sharing-box-1 .tagline{margin-bottom:0 !important;}.fusion-sharing-box-1{flex-direction:row !important;border-color:#cccccc !important;}.sharingbox-shortcode-icon-wrapper-1 span.sharingbox-shortcode-icon-separator{border-color:#cccccc !important;border-right-width:0px !important;}@media only screen and (max-width:1024px){.fusion-sharing-box-1 .tagline{margin-right:0.5em !important;margin-bottom:0 !important;}.sharingbox-shortcode-icon-wrapper-1{width:auto !important;justify-content:flex-end !important;}.fusion-sharing-box-1{align-items:center !important;} }@media only screen and (max-width:640px){.fusion-sharing-box-1{flex-direction: column !important;align-items:center !important;}.fusion-sharing-box-1 .tagline{margin-bottom:revert !important;}.sharingbox-shortcode-icon-wrapper-1{width:100% !important;justify-content:space-between !important;} }<\/style><\/div><style type=\"text\/css\">.fusion-body .fusion-builder-column-0{width:100% !important;margin-top : 0px;margin-bottom : 20px;}.fusion-builder-column-0 > .fusion-column-wrapper {padding-top : 0px !important;padding-right : 0px !important;margin-right : 1.92%;padding-bottom : 0px !important;padding-left : 0px !important;margin-left : 1.92%;}@media only screen and (max-width:1024px) {.fusion-body .fusion-builder-column-0{width:100% !important;order : 0;}.fusion-builder-column-0 > .fusion-column-wrapper {margin-right : 1.92%;margin-left : 1.92%;}}@media only screen and (max-width:640px) {.fusion-body .fusion-builder-column-0{width:100% !important;order : 0;}.fusion-builder-column-0 > .fusion-column-wrapper {margin-right : 1.92%;margin-left : 1.92%;}}<\/style><\/div><\/div><style type=\"text\/css\">.fusion-body .fusion-flex-container.fusion-builder-row-1{ padding-top : 0px;margin-top : 0px;padding-right : 0px;padding-bottom : 0px;margin-bottom : 0px;padding-left : 0px;}<\/style><\/div>\n","protected":false},"excerpt":{"rendered":"","protected":false},"author":1,"featured_media":2045,"comment_status":"open","ping_status":"open","sticky":false,"template":"","format":"standard","meta":{"footnotes":""},"categories":[13],"tags":[],"class_list":["post-2033","post","type-post","status-publish","format-standard","has-post-thumbnail","hentry","category-actividades"],"_links":{"self":[{"href":"https:\/\/ancperu.org\/ancperu\/wp-json\/wp\/v2\/posts\/2033","targetHints":{"allow":["GET"]}}],"collection":[{"href":"https:\/\/ancperu.org\/ancperu\/wp-json\/wp\/v2\/posts"}],"about":[{"href":"https:\/\/ancperu.org\/ancperu\/wp-json\/wp\/v2\/types\/post"}],"author":[{"embeddable":true,"href":"https:\/\/ancperu.org\/ancperu\/wp-json\/wp\/v2\/users\/1"}],"replies":[{"embeddable":true,"href":"https:\/\/ancperu.org\/ancperu\/wp-json\/wp\/v2\/comments?post=2033"}],"version-history":[{"count":3,"href":"https:\/\/ancperu.org\/ancperu\/wp-json\/wp\/v2\/posts\/2033\/revisions"}],"predecessor-version":[{"id":2054,"href":"https:\/\/ancperu.org\/ancperu\/wp-json\/wp\/v2\/posts\/2033\/revisions\/2054"}],"wp:featuredmedia":[{"embeddable":true,"href":"https:\/\/ancperu.org\/ancperu\/wp-json\/wp\/v2\/media\/2045"}],"wp:attachment":[{"href":"https:\/\/ancperu.org\/ancperu\/wp-json\/wp\/v2\/media?parent=2033"}],"wp:term":[{"taxonomy":"category","embeddable":true,"href":"https:\/\/ancperu.org\/ancperu\/wp-json\/wp\/v2\/categories?post=2033"},{"taxonomy":"post_tag","embeddable":true,"href":"https:\/\/ancperu.org\/ancperu\/wp-json\/wp\/v2\/tags?post=2033"}],"curies":[{"name":"wp","href":"https:\/\/api.w.org\/{rel}","templated":true}]}}